{"id":13229,"date":"2025-03-10T17:43:04","date_gmt":"2025-03-10T20:43:04","guid":{"rendered":"https:\/\/www.cochilco.cl\/web\/?p=13229"},"modified":"2025-03-10T17:43:04","modified_gmt":"2025-03-10T20:43:04","slug":"estudio-representacion-de-la-mujer-en-el-sector-minero-en-chile-al-ano-2023","status":"publish","type":"post","link":"https:\/\/www.cochilco.cl\/web\/estudio-representacion-de-la-mujer-en-el-sector-minero-en-chile-al-ano-2023\/","title":{"rendered":"Estudio: Representaci\u00f3n de la mujer en el sector minero en Chile al a\u00f1o 2023"},"content":{"rendered":"\t<div class=\"img has-hover x md-x lg-x y md-y lg-y\" id=\"image_1935367204\">\n\t\t\t\t\t\t\t\t<div class=\"img-inner dark\" >\n\t\t\t<img loading=\"lazy\" decoding=\"async\" width=\"612\" height=\"408\" src=\"https:\/\/www.cochilco.cl\/web\/wp-content\/uploads\/2025\/03\/mujer-minera-2.jpg\" class=\"attachment-large size-large\" alt=\"\" srcset=\"https:\/\/www.cochilco.cl\/web\/wp-content\/uploads\/2025\/03\/mujer-minera-2.jpg 612w, https:\/\/www.cochilco.cl\/web\/wp-content\/uploads\/2025\/03\/mujer-minera-2-600x400.jpg 600w, https:\/\/www.cochilco.cl\/web\/wp-content\/uploads\/2025\/03\/mujer-minera-2-280x187.jpg 280w\" sizes=\"auto, (max-width: 612px) 100vw, 612px\" \/>\t\t\t\t\t\t\n\t\t\t\t\t<\/div>\n\t\t\t\t\t\t\t\t\n<style>\n#image_1935367204 {\n  width: 60%;\n}\n<\/style>\n\t<\/div>\n\t\n<div data-olk-copy-source=\"MessageBody\">\u00a0<\/div>\n<div class=\"x_elementToProof\" data-olk-copy-source=\"MessageBody\">Un exhaustivo trabajo que da cuenta de la participaci\u00f3n de las mujeres que trabajan en el sector de la miner\u00eda en Chile, considerando aspectos como: edad, antig\u00fcedad laboral, funciones, cargos, entre otros.<\/div>\n<div data-olk-copy-source=\"MessageBody\">\u00a0<\/div>\n<div class=\"x_elementToProof\">Puede acceder al estudio a trav\u00e9s del siguiente <a href=\"https:\/\/www.cochilco.cl\/web\/download\/983\/2025\/13224\/representacion-de-la-mujer-en-el-sector-minero-en-chile-al-ano-2023.pdf\">enlace<\/a>.<\/div>\n","protected":false},"excerpt":{"rendered":"<p>\u00a0 Un exhaustivo trabajo que da cuenta de la participaci\u00f3n de las mujeres que trabajan en el sector de la miner\u00eda en Chile, considerando aspectos como: edad, antig\u00fcedad laboral, funciones, cargos, entre otros. \u00a0 Puede acceder al estudio a trav\u00e9s del siguiente enlace.<\/p>\n","protected":false},"author":8,"featured_media":13230,"comment_status":"closed","ping_status":"closed","sticky":false,"template":"","format":"standard","meta":{"footnotes":""},"categories":[95],"tags":[],"class_list":["post-13229","post","type-post","status-publish","format-standard","has-post-thumbnail","hentry","category-noticias"],"_links":{"self":[{"href":"https:\/\/www.cochilco.cl\/web\/wp-json\/wp\/v2\/posts\/13229","targetHints":{"allow":["GET"]}}],"collection":[{"href":"https:\/\/www.cochilco.cl\/web\/wp-json\/wp\/v2\/posts"}],"about":[{"href":"https:\/\/www.cochilco.cl\/web\/wp-json\/wp\/v2\/types\/post"}],"author":[{"embeddable":true,"href":"https:\/\/www.cochilco.cl\/web\/wp-json\/wp\/v2\/users\/8"}],"replies":[{"embeddable":true,"href":"https:\/\/www.cochilco.cl\/web\/wp-json\/wp\/v2\/comments?post=13229"}],"version-history":[{"count":2,"href":"https:\/\/www.cochilco.cl\/web\/wp-json\/wp\/v2\/posts\/13229\/revisions"}],"predecessor-version":[{"id":13232,"href":"https:\/\/www.cochilco.cl\/web\/wp-json\/wp\/v2\/posts\/13229\/revisions\/13232"}],"wp:featuredmedia":[{"embeddable":true,"href":"https:\/\/www.cochilco.cl\/web\/wp-json\/wp\/v2\/media\/13230"}],"wp:attachment":[{"href":"https:\/\/www.cochilco.cl\/web\/wp-json\/wp\/v2\/media?parent=13229"}],"wp:term":[{"taxonomy":"category","embeddable":true,"href":"https:\/\/www.cochilco.cl\/web\/wp-json\/wp\/v2\/categories?post=13229"},{"taxonomy":"post_tag","embeddable":true,"href":"https:\/\/www.cochilco.cl\/web\/wp-json\/wp\/v2\/tags?post=13229"}],"curies":[{"name":"wp","href":"https:\/\/api.w.org\/{rel}","templated":true}]}}