{"id":16786,"date":"2026-08-31T16:35:57","date_gmt":"2026-08-31T19:35:57","guid":{"rendered":"https:\/\/www.cochilco.cl\/web\/?p=16786"},"modified":"2026-08-31T16:35:57","modified_gmt":"2026-08-31T19:35:57","slug":"crece-la-participacion-de-la-mujer-en-la-mineria-del-cobre","status":"publish","type":"post","link":"https:\/\/www.cochilco.cl\/web\/crece-la-participacion-de-la-mujer-en-la-mineria-del-cobre\/","title":{"rendered":"\u00a1Crece la participaci\u00f3n de la mujer en la miner\u00eda del cobre!"},"content":{"rendered":"<p><span class=\"a_GcMg font-feature-liga-off font-feature-clig-off font-feature-calt-off text-decoration-none text-strikethrough-none\">Ya est\u00e1 disponible el estudio Cochilco &#8220;Representaci\u00f3n de la mujer en el sector minero del cobre en Chile al a\u00f1o 2025&#8221;; que examina los <\/span><span class=\"a_GcMg font-feature-liga-off font-feature-clig-off font-feature-calt-off text-decoration-none text-strikethrough-none\">avances en materias de g\u00e9nero en el sector minero<\/span><span class=\"a_GcMg font-feature-liga-off font-feature-clig-off font-feature-calt-off text-decoration-none text-strikethrough-none\">. Un an\u00e1lisis clave que abarca el <\/span><span class=\"a_GcMg font-feature-liga-off font-feature-clig-off font-feature-calt-off text-decoration-none text-strikethrough-none\">99% de la producci\u00f3n de cobre nacional<\/span><span class=\"a_GcMg font-feature-liga-off font-feature-clig-off font-feature-calt-off text-decoration-none text-strikethrough-none\">.<\/span><\/p>\n<p><span class=\"a_GcMg font-feature-liga-off font-feature-clig-off font-feature-calt-off text-decoration-none text-strikethrough-none\">La <\/span><span class=\"a_GcMg font-feature-liga-off font-feature-clig-off font-feature-calt-off text-decoration-none text-strikethrough-none\">presencia femenina<\/span><span class=\"a_GcMg font-feature-liga-off font-feature-clig-off font-feature-calt-off text-decoration-none text-strikethrough-none\"> en la <\/span><span class=\"a_GcMg font-feature-liga-off font-feature-clig-off font-feature-calt-off text-decoration-none text-strikethrough-none\">miner\u00eda chilena<\/span><span class=\"a_GcMg font-feature-liga-off font-feature-clig-off font-feature-calt-off text-decoration-none text-strikethrough-none\"> contin\u00faa <\/span><span class=\"a_GcMg font-feature-liga-off font-feature-clig-off font-feature-calt-off text-decoration-none text-strikethrough-none\">creciendo<\/span><span class=\"a_GcMg font-feature-liga-off font-feature-clig-off font-feature-calt-off text-decoration-none text-strikethrough-none\">, con un <\/span><span class=\"a_GcMg font-feature-liga-off font-feature-clig-off font-feature-calt-off text-decoration-none text-strikethrough-none\">23,1% <\/span><span class=\"a_GcMg font-feature-liga-off font-feature-clig-off font-feature-calt-off text-decoration-none text-strikethrough-none\">de <\/span><span class=\"a_GcMg font-feature-liga-off font-feature-clig-off font-feature-calt-off text-decoration-none text-strikethrough-none\">participaci\u00f3n <\/span><span class=\"a_GcMg font-feature-liga-off font-feature-clig-off font-feature-calt-off text-decoration-none text-strikethrough-none\">en<\/span><span class=\"a_GcMg font-feature-liga-off font-feature-clig-off font-feature-calt-off text-decoration-none text-strikethrough-none\"> la gran miner\u00eda del cobre, 12,1% en la mediana miner\u00eda y el 12,9% entre contratistas. La evoluci\u00f3n de los \u00faltimos cinco a\u00f1os muestra que la participaci\u00f3n femenina en la miner\u00eda chilena del cobre ha aumentado de manera sostenida. Este avance ha sido especialmente visible en la dotaci\u00f3n propia de las empresas mineras, mientras que en la dotaci\u00f3n contratista el progreso ha sido m\u00e1s acotado, lo que confirma que el desaf\u00edo ya no es solo seguir incorporando mujeres, sino extender ese avance a toda la cadena de valor.<\/span><\/p>\n<p>\u00bfQuieres saber m\u00e1s? Descarga el informe\u00a0<a href=\"https:\/\/www.cochilco.cl\/web\/download\/1033\/2026\/16787\/representacion-de-la-mujer-en-el-sector-minero-del-cobre-en-chile-al-ano-2025.pdf\">aqu\u00ed<\/a>.<\/p>\n","protected":false},"excerpt":{"rendered":"<p>Ya est\u00e1 disponible el estudio Cochilco &#8220;Representaci\u00f3n de la mujer en el sector minero del cobre en Chile al a\u00f1o 2025&#8221;; que examina los avances en materias de g\u00e9nero en el sector minero. Un an\u00e1lisis clave que abarca el 99% de la producci\u00f3n de cobre nacional. La presencia femenina en la miner\u00eda chilena contin\u00faa creciendo,[&#8230;]\n","protected":false},"author":8,"featured_media":16790,"comment_status":"closed","ping_status":"open","sticky":false,"template":"","format":"standard","meta":{"footnotes":""},"categories":[507],"tags":[1020,1021,1026,1022],"class_list":["post-16786","post","type-post","status-publish","format-standard","has-post-thumbnail","hentry","category-noticia-principal","tag-cobre","tag-cochilco","tag-empresas-mineras","tag-mineria"],"yoast_head":"<!-- This site is optimized with the Yoast SEO plugin v28.3 - https:\/\/yoast.com\/product\/yoast-seo-wordpress\/ -->\r\n<title>\u00a1Crece la participaci\u00f3n de la mujer en la miner\u00eda del cobre! - COCHILCO<\/title>\r\n<meta name=\"robots\" content=\"index, follow, max-snippet:-1, max-image-preview:large, max-video-preview:-1\" \/>\r\n<link rel=\"canonical\" href=\"https:\/\/www.cochilco.cl\/web\/crece-la-participacion-de-la-mujer-en-la-mineria-del-cobre\/\" \/>\r\n<meta property=\"og:locale\" content=\"es_ES\" \/>\r\n<meta property=\"og:type\" content=\"article\" \/>\r\n<meta property=\"og:title\" content=\"\u00a1Crece la participaci\u00f3n de la mujer en la miner\u00eda del cobre! - COCHILCO\" \/>\r\n<meta property=\"og:description\" content=\"Ya est\u00e1 disponible el estudio Cochilco &#8220;Representaci\u00f3n de la mujer en el sector minero del cobre en Chile al a\u00f1o 2025&#8221;; que examina los avances en materias de g\u00e9nero en el sector minero. Un an\u00e1lisis clave que abarca el 99% de la producci\u00f3n de cobre nacional. La presencia femenina en la miner\u00eda chilena contin\u00faa creciendo,[...]\" \/>\r\n<meta property=\"og:url\" content=\"https:\/\/www.cochilco.cl\/web\/crece-la-participacion-de-la-mujer-en-la-mineria-del-cobre\/\" \/>\r\n<meta property=\"og:site_name\" content=\"COCHILCO\" \/>\r\n<meta property=\"article:published_time\" content=\"2026-08-31T19:35:57+00:00\" \/>\r\n<meta property=\"og:image\" content=\"https:\/\/www.cochilco.cl\/web\/wp-content\/uploads\/2026\/08\/Portada-web.png\" \/>\r\n\t<meta property=\"og:image:width\" content=\"1500\" \/>\r\n\t<meta property=\"og:image:height\" content=\"830\" \/>\r\n\t<meta property=\"og:image:type\" content=\"image\/png\" \/>\r\n<meta name=\"author\" content=\"Bel\u00e9n Hans Castillo\" \/>\r\n<meta name=\"twitter:card\" content=\"summary_large_image\" \/>\r\n<meta name=\"twitter:label1\" content=\"Escrito por\" \/>\n\t<meta name=\"twitter:data1\" content=\"Bel\u00e9n Hans Castillo\" \/>\n\t<meta name=\"twitter:label2\" content=\"Tiempo de lectura\" \/>\n\t<meta name=\"twitter:data2\" content=\"1 minuto\" \/>\r\n<script type=\"application\/ld+json\" class=\"yoast-schema-graph\">{\"@context\":\"https:\\\/\\\/schema.org\",\"@graph\":[{\"@type\":\"NewsArticle\",\"@id\":\"https:\\\/\\\/www.cochilco.cl\\\/web\\\/crece-la-participacion-de-la-mujer-en-la-mineria-del-cobre\\\/#article\",\"isPartOf\":{\"@id\":\"https:\\\/\\\/www.cochilco.cl\\\/web\\\/crece-la-participacion-de-la-mujer-en-la-mineria-del-cobre\\\/\"},\"author\":{\"name\":\"Bel\u00e9n Hans Castillo\",\"@id\":\"https:\\\/\\\/www.cochilco.cl\\\/web\\\/#\\\/schema\\\/person\\\/eafadb739e3b32d3d65e87d2674c105b\"},\"headline\":\"\u00a1Crece la participaci\u00f3n de la mujer en la miner\u00eda del cobre!\",\"datePublished\":\"2026-08-31T19:35:57+00:00\",\"mainEntityOfPage\":{\"@id\":\"https:\\\/\\\/www.cochilco.cl\\\/web\\\/crece-la-participacion-de-la-mujer-en-la-mineria-del-cobre\\\/\"},\"wordCount\":182,\"image\":{\"@id\":\"https:\\\/\\\/www.cochilco.cl\\\/web\\\/crece-la-participacion-de-la-mujer-en-la-mineria-del-cobre\\\/#primaryimage\"},\"thumbnailUrl\":\"https:\\\/\\\/www.cochilco.cl\\\/web\\\/wp-content\\\/uploads\\\/2026\\\/08\\\/Portada-web.png\",\"keywords\":[\"cobre\",\"cochilco\",\"empresas mineras\",\"mineria\"],\"articleSection\":[\"Noticia Principal\"],\"inLanguage\":\"es\"},{\"@type\":\"WebPage\",\"@id\":\"https:\\\/\\\/www.cochilco.cl\\\/web\\\/crece-la-participacion-de-la-mujer-en-la-mineria-del-cobre\\\/\",\"url\":\"https:\\\/\\\/www.cochilco.cl\\\/web\\\/crece-la-participacion-de-la-mujer-en-la-mineria-del-cobre\\\/\",\"name\":\"\u00a1Crece la participaci\u00f3n de la mujer en la miner\u00eda del cobre! - COCHILCO\",\"isPartOf\":{\"@id\":\"https:\\\/\\\/www.cochilco.cl\\\/web\\\/#website\"},\"primaryImageOfPage\":{\"@id\":\"https:\\\/\\\/www.cochilco.cl\\\/web\\\/crece-la-participacion-de-la-mujer-en-la-mineria-del-cobre\\\/#primaryimage\"},\"image\":{\"@id\":\"https:\\\/\\\/www.cochilco.cl\\\/web\\\/crece-la-participacion-de-la-mujer-en-la-mineria-del-cobre\\\/#primaryimage\"},\"thumbnailUrl\":\"https:\\\/\\\/www.cochilco.cl\\\/web\\\/wp-content\\\/uploads\\\/2026\\\/08\\\/Portada-web.png\",\"datePublished\":\"2026-08-31T19:35:57+00:00\",\"author\":{\"@id\":\"https:\\\/\\\/www.cochilco.cl\\\/web\\\/#\\\/schema\\\/person\\\/eafadb739e3b32d3d65e87d2674c105b\"},\"breadcrumb\":{\"@id\":\"https:\\\/\\\/www.cochilco.cl\\\/web\\\/crece-la-participacion-de-la-mujer-en-la-mineria-del-cobre\\\/#breadcrumb\"},\"inLanguage\":\"es\",\"potentialAction\":[{\"@type\":\"ReadAction\",\"target\":[\"https:\\\/\\\/www.cochilco.cl\\\/web\\\/crece-la-participacion-de-la-mujer-en-la-mineria-del-cobre\\\/\"]}]},{\"@type\":\"ImageObject\",\"inLanguage\":\"es\",\"@id\":\"https:\\\/\\\/www.cochilco.cl\\\/web\\\/crece-la-participacion-de-la-mujer-en-la-mineria-del-cobre\\\/#primaryimage\",\"url\":\"https:\\\/\\\/www.cochilco.cl\\\/web\\\/wp-content\\\/uploads\\\/2026\\\/08\\\/Portada-web.png\",\"contentUrl\":\"https:\\\/\\\/www.cochilco.cl\\\/web\\\/wp-content\\\/uploads\\\/2026\\\/08\\\/Portada-web.png\",\"width\":1500,\"height\":830},{\"@type\":\"BreadcrumbList\",\"@id\":\"https:\\\/\\\/www.cochilco.cl\\\/web\\\/crece-la-participacion-de-la-mujer-en-la-mineria-del-cobre\\\/#breadcrumb\",\"itemListElement\":[{\"@type\":\"ListItem\",\"position\":1,\"name\":\"Portada\",\"item\":\"https:\\\/\\\/www.cochilco.cl\\\/web\\\/\"},{\"@type\":\"ListItem\",\"position\":2,\"name\":\"\u00a1Crece la participaci\u00f3n de la mujer en la miner\u00eda del cobre!\"}]},{\"@type\":\"WebSite\",\"@id\":\"https:\\\/\\\/www.cochilco.cl\\\/web\\\/#website\",\"url\":\"https:\\\/\\\/www.cochilco.cl\\\/web\\\/\",\"name\":\"COCHILCO\",\"description\":\"Comisi\u00f3n Chilena del Cobre\",\"potentialAction\":[{\"@type\":\"SearchAction\",\"target\":{\"@type\":\"EntryPoint\",\"urlTemplate\":\"https:\\\/\\\/www.cochilco.cl\\\/web\\\/?s={search_term_string}\"},\"query-input\":{\"@type\":\"PropertyValueSpecification\",\"valueRequired\":true,\"valueName\":\"search_term_string\"}}],\"inLanguage\":\"es\"},{\"@type\":\"Person\",\"@id\":\"https:\\\/\\\/www.cochilco.cl\\\/web\\\/#\\\/schema\\\/person\\\/eafadb739e3b32d3d65e87d2674c105b\",\"name\":\"Bel\u00e9n Hans Castillo\",\"url\":\"https:\\\/\\\/www.cochilco.cl\\\/web\\\/author\\\/bhans\\\/\"}]}<\/script>\r\n<!-- \/ Yoast SEO plugin. -->","yoast_head_json":{"title":"\u00a1Crece la participaci\u00f3n de la mujer en la miner\u00eda del cobre! - COCHILCO","robots":{"index":"index","follow":"follow","max-snippet":"max-snippet:-1","max-image-preview":"max-image-preview:large","max-video-preview":"max-video-preview:-1"},"canonical":"https:\/\/www.cochilco.cl\/web\/crece-la-participacion-de-la-mujer-en-la-mineria-del-cobre\/","og_locale":"es_ES","og_type":"article","og_title":"\u00a1Crece la participaci\u00f3n de la mujer en la miner\u00eda del cobre! - COCHILCO","og_description":"Ya est\u00e1 disponible el estudio Cochilco &#8220;Representaci\u00f3n de la mujer en el sector minero del cobre en Chile al a\u00f1o 2025&#8221;; que examina los avances en materias de g\u00e9nero en el sector minero. Un an\u00e1lisis clave que abarca el 99% de la producci\u00f3n de cobre nacional. La presencia femenina en la miner\u00eda chilena contin\u00faa creciendo,[...]","og_url":"https:\/\/www.cochilco.cl\/web\/crece-la-participacion-de-la-mujer-en-la-mineria-del-cobre\/","og_site_name":"COCHILCO","article_published_time":"2026-08-31T19:35:57+00:00","og_image":[{"width":1500,"height":830,"url":"https:\/\/www.cochilco.cl\/web\/wp-content\/uploads\/2026\/08\/Portada-web.png","type":"image\/png"}],"author":"Bel\u00e9n Hans Castillo","twitter_card":"summary_large_image","twitter_misc":{"Escrito por":"Bel\u00e9n Hans Castillo","Tiempo de lectura":"1 minuto"},"schema":{"@context":"https:\/\/schema.org","@graph":[{"@type":"NewsArticle","@id":"https:\/\/www.cochilco.cl\/web\/crece-la-participacion-de-la-mujer-en-la-mineria-del-cobre\/#article","isPartOf":{"@id":"https:\/\/www.cochilco.cl\/web\/crece-la-participacion-de-la-mujer-en-la-mineria-del-cobre\/"},"author":{"name":"Bel\u00e9n Hans Castillo","@id":"https:\/\/www.cochilco.cl\/web\/#\/schema\/person\/eafadb739e3b32d3d65e87d2674c105b"},"headline":"\u00a1Crece la participaci\u00f3n de la mujer en la miner\u00eda del cobre!","datePublished":"2026-08-31T19:35:57+00:00","mainEntityOfPage":{"@id":"https:\/\/www.cochilco.cl\/web\/crece-la-participacion-de-la-mujer-en-la-mineria-del-cobre\/"},"wordCount":182,"image":{"@id":"https:\/\/www.cochilco.cl\/web\/crece-la-participacion-de-la-mujer-en-la-mineria-del-cobre\/#primaryimage"},"thumbnailUrl":"https:\/\/www.cochilco.cl\/web\/wp-content\/uploads\/2026\/08\/Portada-web.png","keywords":["cobre","cochilco","empresas mineras","mineria"],"articleSection":["Noticia Principal"],"inLanguage":"es"},{"@type":"WebPage","@id":"https:\/\/www.cochilco.cl\/web\/crece-la-participacion-de-la-mujer-en-la-mineria-del-cobre\/","url":"https:\/\/www.cochilco.cl\/web\/crece-la-participacion-de-la-mujer-en-la-mineria-del-cobre\/","name":"\u00a1Crece la participaci\u00f3n de la mujer en la miner\u00eda del cobre! - COCHILCO","isPartOf":{"@id":"https:\/\/www.cochilco.cl\/web\/#website"},"primaryImageOfPage":{"@id":"https:\/\/www.cochilco.cl\/web\/crece-la-participacion-de-la-mujer-en-la-mineria-del-cobre\/#primaryimage"},"image":{"@id":"https:\/\/www.cochilco.cl\/web\/crece-la-participacion-de-la-mujer-en-la-mineria-del-cobre\/#primaryimage"},"thumbnailUrl":"https:\/\/www.cochilco.cl\/web\/wp-content\/uploads\/2026\/08\/Portada-web.png","datePublished":"2026-08-31T19:35:57+00:00","author":{"@id":"https:\/\/www.cochilco.cl\/web\/#\/schema\/person\/eafadb739e3b32d3d65e87d2674c105b"},"breadcrumb":{"@id":"https:\/\/www.cochilco.cl\/web\/crece-la-participacion-de-la-mujer-en-la-mineria-del-cobre\/#breadcrumb"},"inLanguage":"es","potentialAction":[{"@type":"ReadAction","target":["https:\/\/www.cochilco.cl\/web\/crece-la-participacion-de-la-mujer-en-la-mineria-del-cobre\/"]}]},{"@type":"ImageObject","inLanguage":"es","@id":"https:\/\/www.cochilco.cl\/web\/crece-la-participacion-de-la-mujer-en-la-mineria-del-cobre\/#primaryimage","url":"https:\/\/www.cochilco.cl\/web\/wp-content\/uploads\/2026\/08\/Portada-web.png","contentUrl":"https:\/\/www.cochilco.cl\/web\/wp-content\/uploads\/2026\/08\/Portada-web.png","width":1500,"height":830},{"@type":"BreadcrumbList","@id":"https:\/\/www.cochilco.cl\/web\/crece-la-participacion-de-la-mujer-en-la-mineria-del-cobre\/#breadcrumb","itemListElement":[{"@type":"ListItem","position":1,"name":"Portada","item":"https:\/\/www.cochilco.cl\/web\/"},{"@type":"ListItem","position":2,"name":"\u00a1Crece la participaci\u00f3n de la mujer en la miner\u00eda del cobre!"}]},{"@type":"WebSite","@id":"https:\/\/www.cochilco.cl\/web\/#website","url":"https:\/\/www.cochilco.cl\/web\/","name":"COCHILCO","description":"Comisi\u00f3n Chilena del Cobre","potentialAction":[{"@type":"SearchAction","target":{"@type":"EntryPoint","urlTemplate":"https:\/\/www.cochilco.cl\/web\/?s={search_term_string}"},"query-input":{"@type":"PropertyValueSpecification","valueRequired":true,"valueName":"search_term_string"}}],"inLanguage":"es"},{"@type":"Person","@id":"https:\/\/www.cochilco.cl\/web\/#\/schema\/person\/eafadb739e3b32d3d65e87d2674c105b","name":"Bel\u00e9n Hans Castillo","url":"https:\/\/www.cochilco.cl\/web\/author\/bhans\/"}]}},"_links":{"self":[{"href":"https:\/\/www.cochilco.cl\/web\/wp-json\/wp\/v2\/posts\/16786","targetHints":{"allow":["GET"]}}],"collection":[{"href":"https:\/\/www.cochilco.cl\/web\/wp-json\/wp\/v2\/posts"}],"about":[{"href":"https:\/\/www.cochilco.cl\/web\/wp-json\/wp\/v2\/types\/post"}],"author":[{"embeddable":true,"href":"https:\/\/www.cochilco.cl\/web\/wp-json\/wp\/v2\/users\/8"}],"replies":[{"embeddable":true,"href":"https:\/\/www.cochilco.cl\/web\/wp-json\/wp\/v2\/comments?post=16786"}],"version-history":[{"count":1,"href":"https:\/\/www.cochilco.cl\/web\/wp-json\/wp\/v2\/posts\/16786\/revisions"}],"predecessor-version":[{"id":16792,"href":"https:\/\/www.cochilco.cl\/web\/wp-json\/wp\/v2\/posts\/16786\/revisions\/16792"}],"wp:featuredmedia":[{"embeddable":true,"href":"https:\/\/www.cochilco.cl\/web\/wp-json\/wp\/v2\/media\/16790"}],"wp:attachment":[{"href":"https:\/\/www.cochilco.cl\/web\/wp-json\/wp\/v2\/media?parent=16786"}],"wp:term":[{"taxonomy":"category","embeddable":true,"href":"https:\/\/www.cochilco.cl\/web\/wp-json\/wp\/v2\/categories?post=16786"},{"taxonomy":"post_tag","embeddable":true,"href":"https:\/\/www.cochilco.cl\/web\/wp-json\/wp\/v2\/tags?post=16786"}],"curies":[{"name":"wp","href":"https:\/\/api.w.org\/{rel}","templated":true}]}}